{"id":3367,"date":"2020-09-12T13:27:54","date_gmt":"2020-09-12T11:27:54","guid":{"rendered":"http:\/\/www.tauchclub-freiburg.de\/cms\/?p=3367"},"modified":"2020-09-12T13:27:56","modified_gmt":"2020-09-12T11:27:56","slug":"neue-trainingszeiten-im-herbst-die-trainings-finden-zukuenftig-im-westbad-statt","status":"publish","type":"post","link":"https:\/\/www.tauchclub-freiburg.de\/cms\/neue-trainingszeiten-im-herbst-die-trainings-finden-zukuenftig-im-westbad-statt\/","title":{"rendered":"Neue Trainingszeiten im Herbst&#8230; die Trainings finden zuk\u00fcnftig im Westbad statt."},"content":{"rendered":"\n<h1 class=\"wp-block-heading\">Liebe Vereinsmitglieder,<\/h1>\n\n\n\n<figure class=\"wp-block-table\"><table class=\"\"><tbody><tr><td>f\u00fcr den Herbst haben wir nun neue Trainingszeiten und Orte, \u00fcber die ich nun informieren m\u00f6chte:<\/td><\/tr><\/tbody><\/table><\/figure>\n\n\n\n<figure class=\"wp-block-table\"><table class=\"\"><tbody><tr><td>Wir trainieren ausschlie\u00dflich im Westbad. Das Westbad ist das Hallenbad in Freiburg, welches nur f\u00fcr den Schul- und Vereinssport ge\u00f6ffnet ist.<\/td><\/tr><\/tbody><\/table><\/figure>\n\n\n\n<figure class=\"wp-block-table\"><table class=\"\"><tbody><tr><td>In Absprache mit den anderen Vereinen haben wir nun folgende Zeiten und Wasserfl\u00e4chen bekommen:<\/td><\/tr><\/tbody><\/table><\/figure>\n\n\n\n<figure class=\"wp-block-table\"><table class=\"\"><tbody><tr><td>Dienstags von 20.00 bis 21.30 Uhr das Springerbecken<\/td><\/tr><\/tbody><\/table><\/figure>\n\n\n\n<figure class=\"wp-block-table\"><table class=\"\"><tbody><tr><td>Donnerstags von 18.30 bis 20.00 Uhr das Springerbecken<\/td><\/tr><\/tbody><\/table><\/figure>\n\n\n\n<figure class=\"wp-block-table\"><table class=\"\"><tbody><tr><td>Freitags von 19.00 bis 21.00 Uhr 3 x eine 50m Bahn<br><br><\/td><\/tr><\/tbody><\/table><\/figure>\n\n\n\n<figure class=\"wp-block-table\"><table class=\"\"><tbody><tr><td>Zuk\u00fcnftig wird damit die Rubgy Mannschaft die Trainingszeiten im Springerbecken nutzen. Parallel kann dazu nat\u00fcrlich das Becken wie gehabt von anderen Mitgliedern (Ger\u00e4tetraining, Apnoe oder Schwimmen) genutzt werden.<\/td><\/tr><\/tbody><\/table><\/figure>\n\n\n\n<figure class=\"wp-block-table\"><table class=\"\"><tbody><tr><td>Freitags stehen uns 3 Bahnen zur Verf\u00fcgung. Wir werden noch im Ausbilderteam besprechen, in welcher Form das Training dort angeboten werden kann. Ich denke, der Platz wird f\u00fcr freies Schwimmen und gef\u00fchrtes Training ausreichen.<\/td><\/tr><\/tbody><\/table><\/figure>\n\n\n\n<figure class=\"wp-block-table\"><table class=\"\"><tbody><tr><td>Bitte beachtet: Wir m\u00fcssen das Hygienekonzept des Bades und unser Konzept beachten:<\/td><\/tr><\/tbody><\/table><\/figure>\n\n\n\n<figure class=\"wp-block-table\"><table class=\"\"><tbody><tr><td>Im Klartext hei\u00dft dies:<\/td><\/tr><\/tbody><\/table><\/figure>\n\n\n\n<figure class=\"wp-block-table\"><table class=\"\"><tbody><tr><td>=&gt; Maskenpflicht vom Eingang bis zu den Umkleiden<\/td><\/tr><\/tbody><\/table><\/figure>\n\n\n\n<figure class=\"wp-block-table\"><table class=\"\"><tbody><tr><td>=&gt;Umziehen ohne die Nutzung des Spindes, Taschen d\u00fcrfen mit an Becken genommen werden<\/td><\/tr><\/tbody><\/table><\/figure>\n\n\n\n<figure class=\"wp-block-table\"><table class=\"\"><tbody><tr><td>=&gt; Abstandsregel ist einzuhalten<\/td><\/tr><\/tbody><\/table><\/figure>\n\n\n\n<figure class=\"wp-block-table\"><table class=\"\"><tbody><tr><td>=&gt;nur jede zweite Dusche ist nutzbar<\/td><\/tr><\/tbody><\/table><\/figure>\n\n\n\n<figure class=\"wp-block-table\"><table class=\"\"><tbody><tr><td>=&gt;auf jeder Bahn d\u00fcrfen 10 Personen schwimmen<\/td><\/tr><\/tbody><\/table><\/figure>\n\n\n\n<figure class=\"wp-block-table\"><table class=\"\"><tbody><tr><td>=&gt; im Springerbecken sind max. 26 Personen erlaubt<\/td><\/tr><\/tbody><\/table><\/figure>\n\n\n\n<figure class=\"wp-block-table\"><table class=\"\"><tbody><tr><td>Als Verein m\u00fcssen wir eine TeilnehmerInnenliste f\u00fchren und die Daten 4 Wochen aufheben. Danach werden sie vernichtet.<br><br><\/td><\/tr><\/tbody><\/table><\/figure>\n\n\n\n<figure class=\"wp-block-table\"><table class=\"\"><tbody><tr><td>Ihr seht, wir haben die gleichen Trainingsm\u00f6glichkeiten, wie &#8222;vor Corona&#8220;. Nehmt das Angebot wahr.<\/td><\/tr><\/tbody><\/table><\/figure>\n\n\n\n<figure class=\"wp-block-table\"><table class=\"\"><tbody><tr><td>Und: Freitags haben wir einen k\u00fcrzeren Weg ins Clubheim&#8230;. \ud83d\ude42<\/td><\/tr><\/tbody><\/table><\/figure>\n\n\n\n<figure class=\"wp-block-table\"><table class=\"\"><tbody><tr><td>Alles Gute und bleibt gesund.<\/td><\/tr><\/tbody><\/table><\/figure>\n\n\n\n<figure class=\"wp-block-table\"><table class=\"\"><tbody><tr><td>Philipp<\/td><\/tr><\/tbody><\/table><\/figure>\n\n\n\n<figure class=\"wp-block-table\"><table class=\"\"><tbody><tr><td>f\u00fcr den Vorstand und das Ausbilderteam<\/td><\/tr><\/tbody><\/table><\/figure>\n","protected":false},"excerpt":{"rendered":"<p>Liebe Vereinsmitglieder, f\u00fcr den Herbst haben wir nun neue Trainingszeiten und Orte, \u00fcber die ich nun informieren m\u00f6chte: Wir trainieren ausschlie\u00dflich im Westbad. Das Westbad ist das Hallenbad in Freiburg, welches nur f\u00fcr den Schul- und Vereinssport ge\u00f6ffnet ist. In Absprache mit den anderen Vereinen haben wir nun folgende Zeiten und Wasserfl\u00e4chen bekommen: Dienstags von &hellip; <\/p>\n<p><a class=\"more-link btn\" href=\"https:\/\/www.tauchclub-freiburg.de\/cms\/neue-trainingszeiten-im-herbst-die-trainings-finden-zukuenftig-im-westbad-statt\/\">Weiterlesen<\/a><\/p>\n","protected":false},"author":56,"featured_media":0,"comment_status":"closed","ping_status":"closed","sticky":false,"template":"","format":"standard","meta":{"footnotes":""},"categories":[1],"tags":[],"class_list":["post-3367","post","type-post","status-publish","format-standard","hentry","category-veranstaltungen","item-wrap"],"_links":{"self":[{"href":"https:\/\/www.tauchclub-freiburg.de\/cms\/wp-json\/wp\/v2\/posts\/3367","targetHints":{"allow":["GET"]}}],"collection":[{"href":"https:\/\/www.tauchclub-freiburg.de\/cms\/wp-json\/wp\/v2\/posts"}],"about":[{"href":"https:\/\/www.tauchclub-freiburg.de\/cms\/wp-json\/wp\/v2\/types\/post"}],"author":[{"embeddable":true,"href":"https:\/\/www.tauchclub-freiburg.de\/cms\/wp-json\/wp\/v2\/users\/56"}],"replies":[{"embeddable":true,"href":"https:\/\/www.tauchclub-freiburg.de\/cms\/wp-json\/wp\/v2\/comments?post=3367"}],"version-history":[{"count":1,"href":"https:\/\/www.tauchclub-freiburg.de\/cms\/wp-json\/wp\/v2\/posts\/3367\/revisions"}],"predecessor-version":[{"id":3368,"href":"https:\/\/www.tauchclub-freiburg.de\/cms\/wp-json\/wp\/v2\/posts\/3367\/revisions\/3368"}],"wp:attachment":[{"href":"https:\/\/www.tauchclub-freiburg.de\/cms\/wp-json\/wp\/v2\/media?parent=3367"}],"wp:term":[{"taxonomy":"category","embeddable":true,"href":"https:\/\/www.tauchclub-freiburg.de\/cms\/wp-json\/wp\/v2\/categories?post=3367"},{"taxonomy":"post_tag","embeddable":true,"href":"https:\/\/www.tauchclub-freiburg.de\/cms\/wp-json\/wp\/v2\/tags?post=3367"}],"curies":[{"name":"wp","href":"https:\/\/api.w.org\/{rel}","templated":true}]}}