{"id":3299,"date":"2019-11-20T15:35:44","date_gmt":"2019-11-20T14:35:44","guid":{"rendered":"http:\/\/www.tauchclub-freiburg.de\/cms\/?p=3299"},"modified":"2019-11-20T15:35:46","modified_gmt":"2019-11-20T14:35:46","slug":"einladung-zur-weihnachtsfeier-am-14-12-2019","status":"publish","type":"post","link":"https:\/\/www.tauchclub-freiburg.de\/cms\/einladung-zur-weihnachtsfeier-am-14-12-2019\/","title":{"rendered":"Einladung zur Weihnachtsfeier am 14.12.2019"},"content":{"rendered":"\n<table class=\"wp-block-table\"><tbody><tr><td>Hallo  <br>ein sch\u00f6nes Fest steht vor der T\u00fcr \u2013 nicht unmittelbar,   aber es naht.   \u00a0   Deshalb laden wir Euch schon heute herzlich ein.   \u00a0<br>   <br>Wann: <strong>Samstag,   14. Dezember 2019<\/strong>   <br>Start: <strong>19   Uhr zum Gl\u00fchwein<\/strong>   <br>Ort: \u00a0\u00a0 <strong>TCF   Clubheim, Schlettstadter Stra\u00dfe 43, 79110 Freiburg<\/strong>   \u00a0  <br><br>Bei einem sch\u00f6nen Glas Wein, einem k\u00fchlen Bier und gutem Essen <br>wollen wir diesen Abend mit Euch genie\u00dfen. Matthias Andris serviert <br>uns wieder ein feines Menu.<br>Dieses Buffet kostet f\u00fcr Personen ab 12 Jahren 25,00 \u20ac. Kinder unter 6 <br>essen gratis, von 6 bis 12 Jahren zahlen sie 12,50 \u20ac. Getr\u00e4nke werden wie<br>gewohnt zu Clubheimpreisen abgerechnet.   \u00a0<br><br>Eure Antwort auf dieses Mail (<a href=\"mailto:vorstand@tauchclub-freiburg.de\">vorstand@tauchclub-freiburg.de<\/a>)   reicht, <br>um euch mit genauer Personenzahl anzumelden. <br>Du kannst dich gerne auch telefonisch bei Philipp Fuchs 07681\/475230 <br>oder unter 0176\/72699411 anmelden.   <br>Der Anmeldeschluss daf\u00fcr ist der 6. Dezember 2019.   \u00a0   <br><br>Wir w\u00fcnschen euch allen bis dahin eine beschauliche   Adventszeit.   \u00a0  <br><br>Herzliche Gr\u00fc\u00dfe vom ganzen Vorstand   \u00a0   <br>1. Tauchclub Freiburg<br>D-79110 Freiburg   \u00a0   <\/td><\/tr><\/tbody><\/table>\n","protected":false},"excerpt":{"rendered":"<p>Hallo ein sch\u00f6nes Fest steht vor der T\u00fcr \u2013 nicht unmittelbar, aber es naht. \u00a0 Deshalb laden wir Euch schon heute herzlich ein. \u00a0 Wann: Samstag, 14. Dezember 2019 Start: 19 Uhr zum Gl\u00fchwein Ort: \u00a0\u00a0 TCF Clubheim, Schlettstadter Stra\u00dfe 43, 79110 Freiburg \u00a0 Bei einem sch\u00f6nen Glas Wein, einem k\u00fchlen Bier und gutem Essen &hellip; <\/p>\n<p><a class=\"more-link btn\" href=\"https:\/\/www.tauchclub-freiburg.de\/cms\/einladung-zur-weihnachtsfeier-am-14-12-2019\/\">Weiterlesen<\/a><\/p>\n","protected":false},"author":279,"featured_media":0,"comment_status":"closed","ping_status":"closed","sticky":false,"template":"","format":"standard","meta":{"footnotes":""},"categories":[1],"tags":[],"class_list":["post-3299","post","type-post","status-publish","format-standard","hentry","category-veranstaltungen","item-wrap"],"_links":{"self":[{"href":"https:\/\/www.tauchclub-freiburg.de\/cms\/wp-json\/wp\/v2\/posts\/3299","targetHints":{"allow":["GET"]}}],"collection":[{"href":"https:\/\/www.tauchclub-freiburg.de\/cms\/wp-json\/wp\/v2\/posts"}],"about":[{"href":"https:\/\/www.tauchclub-freiburg.de\/cms\/wp-json\/wp\/v2\/types\/post"}],"author":[{"embeddable":true,"href":"https:\/\/www.tauchclub-freiburg.de\/cms\/wp-json\/wp\/v2\/users\/279"}],"replies":[{"embeddable":true,"href":"https:\/\/www.tauchclub-freiburg.de\/cms\/wp-json\/wp\/v2\/comments?post=3299"}],"version-history":[{"count":2,"href":"https:\/\/www.tauchclub-freiburg.de\/cms\/wp-json\/wp\/v2\/posts\/3299\/revisions"}],"predecessor-version":[{"id":3301,"href":"https:\/\/www.tauchclub-freiburg.de\/cms\/wp-json\/wp\/v2\/posts\/3299\/revisions\/3301"}],"wp:attachment":[{"href":"https:\/\/www.tauchclub-freiburg.de\/cms\/wp-json\/wp\/v2\/media?parent=3299"}],"wp:term":[{"taxonomy":"category","embeddable":true,"href":"https:\/\/www.tauchclub-freiburg.de\/cms\/wp-json\/wp\/v2\/categories?post=3299"},{"taxonomy":"post_tag","embeddable":true,"href":"https:\/\/www.tauchclub-freiburg.de\/cms\/wp-json\/wp\/v2\/tags?post=3299"}],"curies":[{"name":"wp","href":"https:\/\/api.w.org\/{rel}","templated":true}]}}